{"id":9480,"date":"2021-07-13T12:47:34","date_gmt":"2021-07-13T10:47:34","guid":{"rendered":"https:\/\/serviciopdi.umh.es\/?p=9480"},"modified":"2022-12-05T14:55:55","modified_gmt":"2022-12-05T13:55:55","slug":"resolucion-de-5-de-julio-de-2021-de-la-universidad-miguel-hernandez-de-elche-por-la-que-se-declara-el-mes-de-agosto-inhabil","status":"publish","type":"post","link":"https:\/\/servicioprofesorado.umh.es\/ca\/2021\/07\/13\/resolucion-de-5-de-julio-de-2021-de-la-universidad-miguel-hernandez-de-elche-por-la-que-se-declara-el-mes-de-agosto-inhabil\/","title":{"rendered":"RESOLUCI\u00d3N de 5 de julio de 2021, de la Universidad Miguel Hern\u00e1ndez de Elche, por la que se declara el mes de agosto inh\u00e1bil"},"content":{"rendered":"<p class=\"qtranxs-available-languages-message qtranxs-available-languages-message-ca\">Ho sentim, aquesta entrada es troba disponible \u00fanicament en <a href=\"https:\/\/servicioprofesorado.umh.es\/es\/wp-json\/wp\/v2\/posts\/9480\" class=\"qtranxs-available-language-link qtranxs-available-language-link-es\" title=\"Espa\u00f1ol\">Espanyol Europeu<\/a>.<\/p>","protected":false},"excerpt":{"rendered":"<p>Ho sentim, aquesta entrada es troba disponible \u00fanicament en Espanyol Europeu.<\/p>\n","protected":false},"author":3581,"featured_media":0,"comment_status":"closed","ping_status":"open","sticky":false,"template":"","format":"standard","meta":{"_links_to":"","_links_to_target":""},"categories":[26846],"tags":[],"_links":{"self":[{"href":"https:\/\/servicioprofesorado.umh.es\/ca\/wp-json\/wp\/v2\/posts\/9480"}],"collection":[{"href":"https:\/\/servicioprofesorado.umh.es\/ca\/wp-json\/wp\/v2\/posts"}],"about":[{"href":"https:\/\/servicioprofesorado.umh.es\/ca\/wp-json\/wp\/v2\/types\/post"}],"author":[{"embeddable":true,"href":"https:\/\/servicioprofesorado.umh.es\/ca\/wp-json\/wp\/v2\/users\/3581"}],"replies":[{"embeddable":true,"href":"https:\/\/servicioprofesorado.umh.es\/ca\/wp-json\/wp\/v2\/comments?post=9480"}],"version-history":[{"count":0,"href":"https:\/\/servicioprofesorado.umh.es\/ca\/wp-json\/wp\/v2\/posts\/9480\/revisions"}],"wp:attachment":[{"href":"https:\/\/servicioprofesorado.umh.es\/ca\/wp-json\/wp\/v2\/media?parent=9480"}],"wp:term":[{"taxonomy":"category","embeddable":true,"href":"https:\/\/servicioprofesorado.umh.es\/ca\/wp-json\/wp\/v2\/categories?post=9480"},{"taxonomy":"post_tag","embeddable":true,"href":"https:\/\/servicioprofesorado.umh.es\/ca\/wp-json\/wp\/v2\/tags?post=9480"}],"curies":[{"name":"wp","href":"https:\/\/api.w.org\/{rel}","templated":true}]}}