{"id":12775,"date":"2023-02-06T15:40:10","date_gmt":"2023-02-06T14:40:10","guid":{"rendered":"https:\/\/servicioprofesorado.umh.es\/?p=12775"},"modified":"2023-02-06T15:40:10","modified_gmt":"2023-02-06T14:40:10","slug":"acta-primera-fase-valoracion-de-meritos-resultados-de-la-primera-fase-y-citacion-a-la-segunda-fase-entrevista-plaza-dc3318-pcdoc-interino-filosofia-del-derecho-ref-02942-2022","status":"publish","type":"post","link":"https:\/\/servicioprofesorado.umh.es\/ca\/2023\/02\/06\/acta-primera-fase-valoracion-de-meritos-resultados-de-la-primera-fase-y-citacion-a-la-segunda-fase-entrevista-plaza-dc3318-pcdoc-interino-filosofia-del-derecho-ref-02942-2022\/","title":{"rendered":"<span lang=\"es\">(Espa\u00f1ol) Acta primera fase, valoraci\u00f3n de m\u00e9ritos, resultados de la primera fase y citaci\u00f3n a la segunda fase, entrevista Plaza DC3318, PCDOC Interino , Filosof\u00eda del Derecho, Ref.: 02942\/2022<\/span>"},"content":{"rendered":"<p class=\"qtranxs-available-languages-message qtranxs-available-languages-message-ca\">Ho sentim, aquesta entrada es troba disponible \u00fanicament en <a href=\"https:\/\/servicioprofesorado.umh.es\/es\/wp-json\/wp\/v2\/posts\/12775\" class=\"qtranxs-available-language-link qtranxs-available-language-link-es\" title=\"Espa\u00f1ol\">Espanyol Europeu<\/a>.<\/p>","protected":false},"excerpt":{"rendered":"<p>Ho sentim, aquesta entrada es troba disponible \u00fanicament en Espanyol Europeu.<\/p>\n","protected":false},"author":3581,"featured_media":0,"comment_status":"closed","ping_status":"open","sticky":false,"template":"","format":"standard","meta":{"_links_to":"","_links_to_target":""},"categories":[26846,4264,402,35],"tags":[1362333,1362379],"_links":{"self":[{"href":"https:\/\/servicioprofesorado.umh.es\/ca\/wp-json\/wp\/v2\/posts\/12775"}],"collection":[{"href":"https:\/\/servicioprofesorado.umh.es\/ca\/wp-json\/wp\/v2\/posts"}],"about":[{"href":"https:\/\/servicioprofesorado.umh.es\/ca\/wp-json\/wp\/v2\/types\/post"}],"author":[{"embeddable":true,"href":"https:\/\/servicioprofesorado.umh.es\/ca\/wp-json\/wp\/v2\/users\/3581"}],"replies":[{"embeddable":true,"href":"https:\/\/servicioprofesorado.umh.es\/ca\/wp-json\/wp\/v2\/comments?post=12775"}],"version-history":[{"count":0,"href":"https:\/\/servicioprofesorado.umh.es\/ca\/wp-json\/wp\/v2\/posts\/12775\/revisions"}],"wp:attachment":[{"href":"https:\/\/servicioprofesorado.umh.es\/ca\/wp-json\/wp\/v2\/media?parent=12775"}],"wp:term":[{"taxonomy":"category","embeddable":true,"href":"https:\/\/servicioprofesorado.umh.es\/ca\/wp-json\/wp\/v2\/categories?post=12775"},{"taxonomy":"post_tag","embeddable":true,"href":"https:\/\/servicioprofesorado.umh.es\/ca\/wp-json\/wp\/v2\/tags?post=12775"}],"curies":[{"name":"wp","href":"https:\/\/api.w.org\/{rel}","templated":true}]}}