{"id":10645,"date":"2022-01-27T14:11:52","date_gmt":"2022-01-27T13:11:52","guid":{"rendered":"https:\/\/servicioprofesorado.umh.es\/?p=10645"},"modified":"2022-01-27T14:23:12","modified_gmt":"2022-01-27T13:23:12","slug":"notificacion-de-la-comision-evaluadora-del-complemento-especifico-por-meritos-docentes-del-profesorado-funcionario-de-carrera-de-los-cuerpos-docentes-de-la-umh-a-efectos-de-subsanacion-de-las-solicit","status":"publish","type":"post","link":"https:\/\/servicioprofesorado.umh.es\/ca\/2022\/01\/27\/notificacion-de-la-comision-evaluadora-del-complemento-especifico-por-meritos-docentes-del-profesorado-funcionario-de-carrera-de-los-cuerpos-docentes-de-la-umh-a-efectos-de-subsanacion-de-las-solicit\/","title":{"rendered":"<span lang=\"es\">(Espa\u00f1ol) Notificaci\u00f3n de la Comisi\u00f3n Evaluadora del Complemento Espec\u00edfico por M\u00e9ritos Docentes del profesorado funcionario de carrera de los cuerpos docentes de la UMH, a efectos de subsanaci\u00f3n de las solicitudes presentadas, Ref. 04903\/21<\/span>"},"content":{"rendered":"<p class=\"qtranxs-available-languages-message qtranxs-available-languages-message-ca\">Ho sentim, aquesta entrada es troba disponible \u00fanicament en <a href=\"https:\/\/servicioprofesorado.umh.es\/es\/wp-json\/wp\/v2\/posts\/10645\" class=\"qtranxs-available-language-link qtranxs-available-language-link-es\" title=\"Espa\u00f1ol\">Espanyol Europeu<\/a>.<\/p>","protected":false},"excerpt":{"rendered":"<p>Ho sentim, aquesta entrada es troba disponible \u00fanicament en Espanyol Europeu.<\/p>\n","protected":false},"author":3581,"featured_media":0,"comment_status":"closed","ping_status":"open","sticky":false,"template":"","format":"standard","meta":{"_links_to":"","_links_to_target":""},"categories":[26846,402,999,35],"tags":[891379,1145,1147,891403],"_links":{"self":[{"href":"https:\/\/servicioprofesorado.umh.es\/ca\/wp-json\/wp\/v2\/posts\/10645"}],"collection":[{"href":"https:\/\/servicioprofesorado.umh.es\/ca\/wp-json\/wp\/v2\/posts"}],"about":[{"href":"https:\/\/servicioprofesorado.umh.es\/ca\/wp-json\/wp\/v2\/types\/post"}],"author":[{"embeddable":true,"href":"https:\/\/servicioprofesorado.umh.es\/ca\/wp-json\/wp\/v2\/users\/3581"}],"replies":[{"embeddable":true,"href":"https:\/\/servicioprofesorado.umh.es\/ca\/wp-json\/wp\/v2\/comments?post=10645"}],"version-history":[{"count":0,"href":"https:\/\/servicioprofesorado.umh.es\/ca\/wp-json\/wp\/v2\/posts\/10645\/revisions"}],"wp:attachment":[{"href":"https:\/\/servicioprofesorado.umh.es\/ca\/wp-json\/wp\/v2\/media?parent=10645"}],"wp:term":[{"taxonomy":"category","embeddable":true,"href":"https:\/\/servicioprofesorado.umh.es\/ca\/wp-json\/wp\/v2\/categories?post=10645"},{"taxonomy":"post_tag","embeddable":true,"href":"https:\/\/servicioprofesorado.umh.es\/ca\/wp-json\/wp\/v2\/tags?post=10645"}],"curies":[{"name":"wp","href":"https:\/\/api.w.org\/{rel}","templated":true}]}}